{"id":10182,"date":"2024-10-04T12:35:04","date_gmt":"2024-10-04T15:35:04","guid":{"rendered":"https:\/\/cartaodevisitavirtual.com.br\/v2\/?p=10182"},"modified":"2025-07-01T15:26:51","modified_gmt":"2025-07-01T18:26:51","slug":"aline-de-castro","status":"publish","type":"post","link":"https:\/\/cartaodevisitavirtual.com.br\/v2\/2024\/10\/04\/aline-de-castro\/","title":{"rendered":"Aline de Castro &#8211; Advogada"},"content":{"rendered":"\t\t<div data-elementor-type=\"wp-post\" data-elementor-id=\"10182\" class=\"elementor elementor-10182\">\n\t\t\t\t\t\t<section class=\"elementor-section elementor-top-section elementor-element elementor-element-b7b6489 elementor-section-boxed elementor-section-height-default elementor-section-height-default\" data-id=\"b7b6489\" data-element_type=\"section\" data-settings=\"{&quot;background_background&quot;:&quot;classic&quot;}\">\n\t\t\t\t\t\t<div class=\"elementor-container elementor-column-gap-default\">\n\t\t\t\t\t<div class=\"elementor-column elementor-col-100 elementor-top-column elementor-element elementor-element-278b4b0\" data-id=\"278b4b0\" data-element_type=\"column\" data-settings=\"{&quot;background_background&quot;:&quot;classic&quot;}\">\n\t\t\t<div class=\"elementor-widget-wrap elementor-element-populated\">\n\t\t\t\t\t\t<div class=\"elementor-element elementor-element-8131202 elementor-widget__width-inherit elementor-widget elementor-widget-shortcode\" data-id=\"8131202\" data-element_type=\"widget\" data-widget_type=\"shortcode.default\">\n\t\t\t\t<div class=\"elementor-widget-container\">\n\t\t\t\t\t\t\t<div class=\"elementor-shortcode\"><div id=\"image-map-pro-1115\"><\/div><\/div>\n\t\t\t\t\t\t<\/div>\n\t\t\t\t<\/div>\n\t\t\t\t\t<\/div>\n\t\t<\/div>\n\t\t\t\t\t<\/div>\n\t\t<\/section>\n\t\t\t\t<section class=\"elementor-section elementor-top-section elementor-element elementor-element-7f228ab elementor-section-boxed elementor-section-height-default elementor-section-height-default\" data-id=\"7f228ab\" data-element_type=\"section\">\n\t\t\t\t\t\t<div class=\"elementor-container elementor-column-gap-default\">\n\t\t\t\t\t<div class=\"elementor-column elementor-col-100 elementor-top-column elementor-element elementor-element-dbf6b31\" data-id=\"dbf6b31\" data-element_type=\"column\">\n\t\t\t<div class=\"elementor-widget-wrap elementor-element-populated\">\n\t\t\t\t\t\t<div class=\"elementor-element elementor-element-1ca744b elementor-widget elementor-widget-shortcode\" data-id=\"1ca744b\" data-element_type=\"widget\" data-widget_type=\"shortcode.default\">\n\t\t\t\t<div class=\"elementor-widget-container\">\n\t\t\t\t\t\t\t<div class=\"elementor-shortcode\">    <!-- Bot\u00e3o de Instalar App (Android) + Aviso iOS -->\n    <style>\n        #installAppBtn {\n            display: none;\n            background-color: #79239d;\n            color: white;\n            border: none;\n            padding: 10px 16px;\n            font-size: 16px;\n            border-radius: 8px;\n            cursor: pointer;\n            position: fixed;\n            bottom: 20px;\n            right: 20px;\n            z-index: 9999;\n            box-shadow: 0 4px 8px rgba(0,0,0,0.2);\n        }\n\n        #iosPrompt {\n            display: none;\n            position: fixed;\n            bottom: 20px;\n            left: 50%;\n            transform: translateX(-50%);\n            background: #ffffffee;\n            color: #333;\n            padding: 16px 20px;\n            border-radius: 12px;\n            box-shadow: 0 4px 10px rgba(0,0,0,0.2);\n            font-size: 15px;\n            max-width: 90%;\n            z-index: 9999;\n            text-align: center;\n        }\n\n        #iosPrompt strong {\n            color: #79239d;\n        }\n\n        #closeIosPrompt {\n            position: absolute;\n            top: 6px;\n            right: 10px;\n            font-size: 18px;\n            cursor: pointer;\n            color: #aaa;\n        }\n    <\/style>\n\n    <div id=\"iosPrompt\">\n        <span id=\"closeIosPrompt\">\u00d7<\/span>\n        Para instalar este cart\u00e3o, toque em <strong>Compartilhar<\/strong> (<span style=\"font-size:18px;\">\ud83d\udd17<\/span>) e depois em <strong>\u201cAdicionar \u00e0 Tela de In\u00edcio\u201d<\/strong>.\n    <\/div>\n\n    <button id=\"installAppBtn\">Instalar Cart\u00e3o na Tela<\/button>\n\n    <script>\n    \/\/ Manifesto din\u00e2mico\n    const manifestData = {\n        \"name\": \"Cart\u00e3o de Visita Virtual\",\n        \"short_name\": \"Cart\u00e3o Virtual\",\n        \"start_url\": window.location.origin + window.location.pathname,\n        \"display\": \"standalone\",\n        \"background_color\": \"#ffffff\",\n        \"theme_color\": \"#79239d\",\n        \"icons\": [\n            {\n                \"src\": \"https:\/\/cartaodevisitavirtual.com.br\/v2\/wp-content\/uploads\/sites\/3\/2025\/06\/icon-192.png\",\n                \"sizes\": \"192x192\",\n                \"type\": \"image\/png\"\n            },\n            {\n                \"src\": \"https:\/\/cartaodevisitavirtual.com.br\/v2\/wp-content\/uploads\/sites\/3\/2025\/06\/icon-512.png\",\n                \"sizes\": \"512x512\",\n                \"type\": \"image\/png\"\n            }\n        ]\n    };\n\n    const manifestBlob = new Blob([JSON.stringify(manifestData)], {type: 'application\/json'});\n    const manifestURL = URL.createObjectURL(manifestBlob);\n    const link = document.createElement('link');\n    link.rel = 'manifest';\n    link.href = manifestURL;\n    document.head.appendChild(link);\n\n    \/\/ Service Worker\n    if ('serviceWorker' in navigator) {\n        navigator.serviceWorker.register('data:application\/javascript;charset=utf-8,' + encodeURIComponent(`\n            self.addEventListener('fetch', function(event) {\n                event.respondWith(fetch(event.request));\n            });\n        `)).then(function(registration) {\n            console.log('Service Worker registrado!');\n        }).catch(function(error) {\n            console.log('Erro ao registrar Service Worker:', error);\n        });\n    }\n\n    \/\/ Detectar iOS\n    function isIOS() {\n        return \/iphone|ipad|ipod\/i.test(navigator.userAgent.toLowerCase());\n    }\n\n    if (isIOS()) {\n        const prompt = document.getElementById('iosPrompt');\n        const closeBtn = document.getElementById('closeIosPrompt');\n\n        prompt.style.display = 'block';\n\n        \/\/ Fechar manualmente\n        closeBtn.addEventListener('click', () => {\n            prompt.style.display = 'none';\n        });\n\n        \/\/ Fechar automaticamente ap\u00f3s 10 segundos\n        setTimeout(() => {\n            prompt.style.display = 'none';\n        }, 10000);\n    } else {\n        \/\/ Android - beforeinstallprompt\n        let deferredPrompt;\n        const installBtn = document.getElementById('installAppBtn');\n\n        window.addEventListener('beforeinstallprompt', (e) => {\n            e.preventDefault();\n            deferredPrompt = e;\n            installBtn.style.display = 'block';\n        });\n\n        installBtn.addEventListener('click', async () => {\n            installBtn.style.display = 'none';\n            if (deferredPrompt) {\n                deferredPrompt.prompt();\n                const choiceResult = await deferredPrompt.userChoice;\n                console.log(choiceResult.outcome);\n                deferredPrompt = null;\n            }\n        });\n    }\n    <\/script>\n    <\/div>\n\t\t\t\t\t\t<\/div>\n\t\t\t\t<\/div>\n\t\t\t\t\t<\/div>\n\t\t<\/div>\n\t\t\t\t\t<\/div>\n\t\t<\/section>\n\t\t\t\t<\/div>\n\t\t","protected":false},"excerpt":{"rendered":"","protected":false},"author":1,"featured_media":10185,"comment_status":"closed","ping_status":"open","sticky":false,"template":"elementor_canvas","format":"standard","meta":{"footnotes":""},"categories":[19],"tags":[],"class_list":["post-10182","post","type-post","status-publish","format-standard","has-post-thumbnail","hentry","category-advogado"],"yoast_head":"<!-- This site is optimized with the Yoast SEO plugin v26.4 - https:\/\/yoast.com\/wordpress\/plugins\/seo\/ -->\n<title>Aline de Castro - Advogada<\/title>\n<meta name=\"description\" content=\"Cart\u00e3o de Visita Virtual - Seu novo Cart\u00e3o de Visita. Virtual, Digital, Online e Interativo. Cart\u00e3o Moderno e Exclusivo.\" \/>\n<meta name=\"robots\" content=\"index, follow, max-snippet:-1, max-image-preview:large, max-video-preview:-1\" \/>\n<link rel=\"canonical\" href=\"https:\/\/cartaodevisitavirtual.com.br\/v2\/2024\/10\/04\/aline-de-castro\/\" \/>\n<meta property=\"og:locale\" content=\"pt_BR\" \/>\n<meta property=\"og:type\" content=\"article\" \/>\n<meta property=\"og:title\" content=\"Aline de Castro - Advogada\" \/>\n<meta property=\"og:description\" content=\"Cart\u00e3o de Visita Virtual - Seu novo Cart\u00e3o de Visita. Virtual, Digital, Online e Interativo. Cart\u00e3o Moderno e Exclusivo.\" \/>\n<meta property=\"og:url\" content=\"https:\/\/cartaodevisitavirtual.com.br\/v2\/2024\/10\/04\/aline-de-castro\/\" \/>\n<meta property=\"og:site_name\" content=\"Cart\u00e3o de Visita Virtual\" \/>\n<meta property=\"article:published_time\" content=\"2024-10-04T15:35:04+00:00\" \/>\n<meta property=\"article:modified_time\" content=\"2025-07-01T18:26:51+00:00\" \/>\n<meta property=\"og:image\" content=\"https:\/\/cartaodevisitavirtual.com.br\/v2\/wp-content\/uploads\/sites\/3\/2024\/10\/FavAlinedeCastro041024-min.jpg\" \/>\n\t<meta property=\"og:image:width\" content=\"540\" \/>\n\t<meta property=\"og:image:height\" content=\"540\" \/>\n\t<meta property=\"og:image:type\" content=\"image\/jpeg\" \/>\n<meta name=\"author\" content=\"cvvvovoso33\" \/>\n<meta name=\"twitter:card\" content=\"summary_large_image\" \/>\n<meta name=\"twitter:label1\" content=\"Escrito por\" \/>\n\t<meta name=\"twitter:data1\" content=\"cvvvovoso33\" \/>\n<script type=\"application\/ld+json\" class=\"yoast-schema-graph\">{\"@context\":\"https:\/\/schema.org\",\"@graph\":[{\"@type\":\"WebPage\",\"@id\":\"https:\/\/cartaodevisitavirtual.com.br\/v2\/2024\/10\/04\/aline-de-castro\/\",\"url\":\"https:\/\/cartaodevisitavirtual.com.br\/v2\/2024\/10\/04\/aline-de-castro\/\",\"name\":\"Aline de Castro - Advogada\",\"isPartOf\":{\"@id\":\"https:\/\/cartaodevisitavirtual.com.br\/v2\/#website\"},\"primaryImageOfPage\":{\"@id\":\"https:\/\/cartaodevisitavirtual.com.br\/v2\/2024\/10\/04\/aline-de-castro\/#primaryimage\"},\"image\":{\"@id\":\"https:\/\/cartaodevisitavirtual.com.br\/v2\/2024\/10\/04\/aline-de-castro\/#primaryimage\"},\"thumbnailUrl\":\"https:\/\/cartaodevisitavirtual.com.br\/v2\/wp-content\/uploads\/sites\/3\/2024\/10\/FavAlinedeCastro041024-min.jpg\",\"datePublished\":\"2024-10-04T15:35:04+00:00\",\"dateModified\":\"2025-07-01T18:26:51+00:00\",\"author\":{\"@id\":\"https:\/\/cartaodevisitavirtual.com.br\/v2\/#\/schema\/person\/628f6510a9a37eeee9625f7abc25487e\"},\"description\":\"Cart\u00e3o de Visita Virtual - Seu novo Cart\u00e3o de Visita. Virtual, Digital, Online e Interativo. Cart\u00e3o Moderno e Exclusivo.\",\"breadcrumb\":{\"@id\":\"https:\/\/cartaodevisitavirtual.com.br\/v2\/2024\/10\/04\/aline-de-castro\/#breadcrumb\"},\"inLanguage\":\"pt-BR\",\"potentialAction\":[{\"@type\":\"ReadAction\",\"target\":[\"https:\/\/cartaodevisitavirtual.com.br\/v2\/2024\/10\/04\/aline-de-castro\/\"]}]},{\"@type\":\"ImageObject\",\"inLanguage\":\"pt-BR\",\"@id\":\"https:\/\/cartaodevisitavirtual.com.br\/v2\/2024\/10\/04\/aline-de-castro\/#primaryimage\",\"url\":\"https:\/\/cartaodevisitavirtual.com.br\/v2\/wp-content\/uploads\/sites\/3\/2024\/10\/FavAlinedeCastro041024-min.jpg\",\"contentUrl\":\"https:\/\/cartaodevisitavirtual.com.br\/v2\/wp-content\/uploads\/sites\/3\/2024\/10\/FavAlinedeCastro041024-min.jpg\",\"width\":540,\"height\":540},{\"@type\":\"BreadcrumbList\",\"@id\":\"https:\/\/cartaodevisitavirtual.com.br\/v2\/2024\/10\/04\/aline-de-castro\/#breadcrumb\",\"itemListElement\":[{\"@type\":\"ListItem\",\"position\":1,\"name\":\"In\u00edcio\",\"item\":\"https:\/\/cartaodevisitavirtual.com.br\/v2\/\"},{\"@type\":\"ListItem\",\"position\":2,\"name\":\"Aline de Castro &#8211; Advogada\"}]},{\"@type\":\"WebSite\",\"@id\":\"https:\/\/cartaodevisitavirtual.com.br\/v2\/#website\",\"url\":\"https:\/\/cartaodevisitavirtual.com.br\/v2\/\",\"name\":\"Cart\u00e3o de Visita Virtual\",\"description\":\"\",\"potentialAction\":[{\"@type\":\"SearchAction\",\"target\":{\"@type\":\"EntryPoint\",\"urlTemplate\":\"https:\/\/cartaodevisitavirtual.com.br\/v2\/?s={search_term_string}\"},\"query-input\":{\"@type\":\"PropertyValueSpecification\",\"valueRequired\":true,\"valueName\":\"search_term_string\"}}],\"inLanguage\":\"pt-BR\"},{\"@type\":\"Person\",\"@id\":\"https:\/\/cartaodevisitavirtual.com.br\/v2\/#\/schema\/person\/628f6510a9a37eeee9625f7abc25487e\",\"name\":\"cvvvovoso33\",\"image\":{\"@type\":\"ImageObject\",\"inLanguage\":\"pt-BR\",\"@id\":\"https:\/\/cartaodevisitavirtual.com.br\/v2\/#\/schema\/person\/image\/\",\"url\":\"https:\/\/secure.gravatar.com\/avatar\/cc9286941acb2861a0cf51545a64254bfc3547a56b54a38b79780672bb617cc1?s=96&d=mm&r=g\",\"contentUrl\":\"https:\/\/secure.gravatar.com\/avatar\/cc9286941acb2861a0cf51545a64254bfc3547a56b54a38b79780672bb617cc1?s=96&d=mm&r=g\",\"caption\":\"cvvvovoso33\"},\"sameAs\":[\"https:\/\/cartaodevisitavirtual.com.br\"],\"url\":\"https:\/\/cartaodevisitavirtual.com.br\/v2\/author\/cvvvovoso33\/\"}]}<\/script>\n<!-- \/ Yoast SEO plugin. -->","yoast_head_json":{"title":"Aline de Castro - Advogada","description":"Cart\u00e3o de Visita Virtual - Seu novo Cart\u00e3o de Visita. Virtual, Digital, Online e Interativo. Cart\u00e3o Moderno e Exclusivo.","robots":{"index":"index","follow":"follow","max-snippet":"max-snippet:-1","max-image-preview":"max-image-preview:large","max-video-preview":"max-video-preview:-1"},"canonical":"https:\/\/cartaodevisitavirtual.com.br\/v2\/2024\/10\/04\/aline-de-castro\/","og_locale":"pt_BR","og_type":"article","og_title":"Aline de Castro - Advogada","og_description":"Cart\u00e3o de Visita Virtual - Seu novo Cart\u00e3o de Visita. Virtual, Digital, Online e Interativo. Cart\u00e3o Moderno e Exclusivo.","og_url":"https:\/\/cartaodevisitavirtual.com.br\/v2\/2024\/10\/04\/aline-de-castro\/","og_site_name":"Cart\u00e3o de Visita Virtual","article_published_time":"2024-10-04T15:35:04+00:00","article_modified_time":"2025-07-01T18:26:51+00:00","og_image":[{"width":540,"height":540,"url":"https:\/\/cartaodevisitavirtual.com.br\/v2\/wp-content\/uploads\/sites\/3\/2024\/10\/FavAlinedeCastro041024-min.jpg","type":"image\/jpeg"}],"author":"cvvvovoso33","twitter_card":"summary_large_image","twitter_misc":{"Escrito por":"cvvvovoso33"},"schema":{"@context":"https:\/\/schema.org","@graph":[{"@type":"WebPage","@id":"https:\/\/cartaodevisitavirtual.com.br\/v2\/2024\/10\/04\/aline-de-castro\/","url":"https:\/\/cartaodevisitavirtual.com.br\/v2\/2024\/10\/04\/aline-de-castro\/","name":"Aline de Castro - Advogada","isPartOf":{"@id":"https:\/\/cartaodevisitavirtual.com.br\/v2\/#website"},"primaryImageOfPage":{"@id":"https:\/\/cartaodevisitavirtual.com.br\/v2\/2024\/10\/04\/aline-de-castro\/#primaryimage"},"image":{"@id":"https:\/\/cartaodevisitavirtual.com.br\/v2\/2024\/10\/04\/aline-de-castro\/#primaryimage"},"thumbnailUrl":"https:\/\/cartaodevisitavirtual.com.br\/v2\/wp-content\/uploads\/sites\/3\/2024\/10\/FavAlinedeCastro041024-min.jpg","datePublished":"2024-10-04T15:35:04+00:00","dateModified":"2025-07-01T18:26:51+00:00","author":{"@id":"https:\/\/cartaodevisitavirtual.com.br\/v2\/#\/schema\/person\/628f6510a9a37eeee9625f7abc25487e"},"description":"Cart\u00e3o de Visita Virtual - Seu novo Cart\u00e3o de Visita. Virtual, Digital, Online e Interativo. Cart\u00e3o Moderno e Exclusivo.","breadcrumb":{"@id":"https:\/\/cartaodevisitavirtual.com.br\/v2\/2024\/10\/04\/aline-de-castro\/#breadcrumb"},"inLanguage":"pt-BR","potentialAction":[{"@type":"ReadAction","target":["https:\/\/cartaodevisitavirtual.com.br\/v2\/2024\/10\/04\/aline-de-castro\/"]}]},{"@type":"ImageObject","inLanguage":"pt-BR","@id":"https:\/\/cartaodevisitavirtual.com.br\/v2\/2024\/10\/04\/aline-de-castro\/#primaryimage","url":"https:\/\/cartaodevisitavirtual.com.br\/v2\/wp-content\/uploads\/sites\/3\/2024\/10\/FavAlinedeCastro041024-min.jpg","contentUrl":"https:\/\/cartaodevisitavirtual.com.br\/v2\/wp-content\/uploads\/sites\/3\/2024\/10\/FavAlinedeCastro041024-min.jpg","width":540,"height":540},{"@type":"BreadcrumbList","@id":"https:\/\/cartaodevisitavirtual.com.br\/v2\/2024\/10\/04\/aline-de-castro\/#breadcrumb","itemListElement":[{"@type":"ListItem","position":1,"name":"In\u00edcio","item":"https:\/\/cartaodevisitavirtual.com.br\/v2\/"},{"@type":"ListItem","position":2,"name":"Aline de Castro &#8211; Advogada"}]},{"@type":"WebSite","@id":"https:\/\/cartaodevisitavirtual.com.br\/v2\/#website","url":"https:\/\/cartaodevisitavirtual.com.br\/v2\/","name":"Cart\u00e3o de Visita Virtual","description":"","potentialAction":[{"@type":"SearchAction","target":{"@type":"EntryPoint","urlTemplate":"https:\/\/cartaodevisitavirtual.com.br\/v2\/?s={search_term_string}"},"query-input":{"@type":"PropertyValueSpecification","valueRequired":true,"valueName":"search_term_string"}}],"inLanguage":"pt-BR"},{"@type":"Person","@id":"https:\/\/cartaodevisitavirtual.com.br\/v2\/#\/schema\/person\/628f6510a9a37eeee9625f7abc25487e","name":"cvvvovoso33","image":{"@type":"ImageObject","inLanguage":"pt-BR","@id":"https:\/\/cartaodevisitavirtual.com.br\/v2\/#\/schema\/person\/image\/","url":"https:\/\/secure.gravatar.com\/avatar\/cc9286941acb2861a0cf51545a64254bfc3547a56b54a38b79780672bb617cc1?s=96&d=mm&r=g","contentUrl":"https:\/\/secure.gravatar.com\/avatar\/cc9286941acb2861a0cf51545a64254bfc3547a56b54a38b79780672bb617cc1?s=96&d=mm&r=g","caption":"cvvvovoso33"},"sameAs":["https:\/\/cartaodevisitavirtual.com.br"],"url":"https:\/\/cartaodevisitavirtual.com.br\/v2\/author\/cvvvovoso33\/"}]}},"_links":{"self":[{"href":"https:\/\/cartaodevisitavirtual.com.br\/v2\/wp-json\/wp\/v2\/posts\/10182","targetHints":{"allow":["GET"]}}],"collection":[{"href":"https:\/\/cartaodevisitavirtual.com.br\/v2\/wp-json\/wp\/v2\/posts"}],"about":[{"href":"https:\/\/cartaodevisitavirtual.com.br\/v2\/wp-json\/wp\/v2\/types\/post"}],"author":[{"embeddable":true,"href":"https:\/\/cartaodevisitavirtual.com.br\/v2\/wp-json\/wp\/v2\/users\/1"}],"replies":[{"embeddable":true,"href":"https:\/\/cartaodevisitavirtual.com.br\/v2\/wp-json\/wp\/v2\/comments?post=10182"}],"version-history":[{"count":7,"href":"https:\/\/cartaodevisitavirtual.com.br\/v2\/wp-json\/wp\/v2\/posts\/10182\/revisions"}],"predecessor-version":[{"id":14100,"href":"https:\/\/cartaodevisitavirtual.com.br\/v2\/wp-json\/wp\/v2\/posts\/10182\/revisions\/14100"}],"wp:featuredmedia":[{"embeddable":true,"href":"https:\/\/cartaodevisitavirtual.com.br\/v2\/wp-json\/wp\/v2\/media\/10185"}],"wp:attachment":[{"href":"https:\/\/cartaodevisitavirtual.com.br\/v2\/wp-json\/wp\/v2\/media?parent=10182"}],"wp:term":[{"taxonomy":"category","embeddable":true,"href":"https:\/\/cartaodevisitavirtual.com.br\/v2\/wp-json\/wp\/v2\/categories?post=10182"},{"taxonomy":"post_tag","embeddable":true,"href":"https:\/\/cartaodevisitavirtual.com.br\/v2\/wp-json\/wp\/v2\/tags?post=10182"}],"curies":[{"name":"wp","href":"https:\/\/api.w.org\/{rel}","templated":true}]}}