{"id":2668,"date":"2025-07-01T14:57:07","date_gmt":"2025-07-01T17:57:07","guid":{"rendered":"https:\/\/cartaodevisitavirtual.com.br\/v3\/?p=2668"},"modified":"2025-07-01T15:00:23","modified_gmt":"2025-07-01T18:00:23","slug":"kesla-mendes","status":"publish","type":"post","link":"https:\/\/cartaodevisitavirtual.com.br\/v3\/cartao\/kesla-mendes\/","title":{"rendered":"Kesla Mendes &#8211; Hair Concept"},"content":{"rendered":"\t\t<div data-elementor-type=\"wp-post\" data-elementor-id=\"2668\" class=\"elementor elementor-2668\">\n\t\t\t\t<div class=\"elementor-element elementor-element-9d02a2a e-flex e-con-boxed e-con e-parent\" data-id=\"9d02a2a\" data-element_type=\"container\">\n\t\t\t\t\t<div class=\"e-con-inner\">\n\t\t\t\t<div class=\"elementor-element elementor-element-5397c39 elementor-widget elementor-widget-shortcode\" data-id=\"5397c39\" data-element_type=\"widget\" data-widget_type=\"shortcode.default\">\n\t\t\t\t<div class=\"elementor-widget-container\">\n\t\t\t\t\t\t\t<div class=\"elementor-shortcode\"><div id=\"image-map-pro-5434\"><\/div><\/div>\n\t\t\t\t\t\t<\/div>\n\t\t\t\t<\/div>\n\t\t\t\t\t<\/div>\n\t\t\t\t<\/div>\n\t\t<div class=\"elementor-element elementor-element-2bb7e7a e-flex e-con-boxed e-con e-parent\" data-id=\"2bb7e7a\" data-element_type=\"container\">\n\t\t\t\t\t<div class=\"e-con-inner\">\n\t\t\t\t<div class=\"elementor-element elementor-element-1e762e00 elementor-widget elementor-widget-shortcode\" data-id=\"1e762e00\" data-element_type=\"widget\" data-widget_type=\"shortcode.default\">\n\t\t\t\t<div class=\"elementor-widget-container\">\n\t\t\t\t\t\t\t<div class=\"elementor-shortcode\"><div class=\"custom-share-container\">\n\n\n    <div class=\"custom-share-icons\">\n      <!-- Bot\u00e3o QR Code -->\n      <a id=\"qrcode-button\" href=\"#\" target=\"_blank\" class=\"icon-wrapper\">\n        <img decoding=\"async\" src=\"https:\/\/cartaodevisitavirtual.com.br\/v3\/wp-content\/uploads\/sites\/4\/2024\/11\/qrcode01.webp\" alt=\"QR Code\" \/>\n      <\/a>\n      <!-- Bot\u00e3o Compartilhar -->\n      <a id=\"whatsapp-button\" href=\"#\" target=\"_blank\" class=\"icon-wrapper\">\n        <img decoding=\"async\" src=\"https:\/\/cartaodevisitavirtual.com.br\/v3\/wp-content\/uploads\/sites\/4\/2024\/11\/compartilha01.webp\" alt=\"Compartilhar\" \/>\n      <\/a>\n      <!-- Bot\u00e3o Link Atual -->\n      <a id=\"link-button\" href=\"#\" target=\"_blank\" class=\"icon-wrapper\">\n        <img decoding=\"async\" src=\"https:\/\/cartaodevisitavirtual.com.br\/v3\/wp-content\/uploads\/sites\/4\/2024\/11\/link01.webp\" alt=\"Link Atual\" \/>\n      <\/a>\n    <\/div>\n  <\/div>\n  \n  <style>\n    .custom-share-container {\n      display: flex;\n      flex-direction: row; \/* Alinha horizontalmente os elementos principais *\/\n      align-items: center; \/* Centraliza no eixo vertical *\/\n      justify-content: center; \/* Centraliza no eixo horizontal *\/\n      background-color: #333; \/* Fundo escuro *\/\n      padding: 16px 0px 12px 10px;\n      border-radius: 8px;\n      width: 100%; \/* Usa 100% da largura dispon\u00edvel *\/\n      max-width: 530px; \/* Limite m\u00e1ximo de largura *\/\n      margin: 0 auto; \/* Centraliza horizontalmente no pai *\/\n      flex-wrap: nowrap; \/* Evita quebras de linha *\/\n      overflow: hidden;\n      transform: scale(1); \/* Define o tamanho padr\u00e3o *\/\n      transition: transform 0.2s ease; \/* Suaviza mudan\u00e7as no tamanho *\/\n    }\n  \n    .custom-share-icons {\n      display: flex;\n      align-items: center; \/* Centraliza os \u00edcones no eixo vertical *\/\n      justify-content: space-between; \/* Espa\u00e7a igualmente os \u00edcones *\/\n      width: 50%; \/* Ocupa 50% da largura *\/\n      max-width: 265px; \/* Limita a largura *\/\n      flex-wrap: nowrap; \/* Evita quebras de linha *\/\n      margin: 0 30px;\n    }\n  \n    .icon-wrapper img {\n      width: 18px;\n      height: 18px;\n    }\n  \n    .instruction-text {\n      margin-left: 20px; \/* Espa\u00e7o entre texto e \u00edcones *\/\n      color: #fff; \/* Texto branco *\/\n      font-size: 14px;\n      text-transform: uppercase;\n      font-weight: bold;\n      letter-spacing: 1px;\n      white-space: nowrap; \/* Evita quebra de linha no texto *\/\n      text-align: center;\n    }\n  \n    \/* Responsividade *\/\n    @media screen and (max-width: 530px) {\n      .custom-share-container {\n        transform: scale(1.0); \/* Reduz proporcionalmente o tamanho do container *\/\n      }\n    }\n  \n    @media screen and (max-width: 400px) {\n      .custom-share-container {\n        transform: scale(1.0); \/* Reduz mais em telas muito pequenas *\/\n      }\n    }\n  <\/style>\n  \n\n<script>\n    document.addEventListener(\"DOMContentLoaded\", function () {\n        \/\/ Captura o link da p\u00e1gina atual\n        const currentUrl = encodeURIComponent(window.location.href);\n\n        \/\/ Define os links com os par\u00e2metros corretos\n        const qrcodeLink = \"https:\/\/cartaovirtualdevisita.com.br\/qrcode.html?qrcode=\" + currentUrl;\n        const whatsappLink = \"https:\/\/cartaovirtualdevisita.com.br\/whatsapp.html?whats=\" + currentUrl;\n        const linkAtual = \"https:\/\/cartaovirtualdevisita.com.br\/link.html?link=\" + currentUrl;\n\n        \/\/ Atualiza os bot\u00f5es com os links correspondentes\n        document.getElementById(\"qrcode-button\").href = qrcodeLink;\n        document.getElementById(\"whatsapp-button\").href = whatsappLink;\n        document.getElementById(\"link-button\").href = linkAtual;\n    });\n<\/script>\n\n<\/div>\n\t\t\t\t\t\t<\/div>\n\t\t\t\t<\/div>\n\t\t\t\t\t<\/div>\n\t\t\t\t<\/div>\n\t\t<div class=\"elementor-element elementor-element-68baaeb e-flex e-con-boxed e-con e-parent\" data-id=\"68baaeb\" data-element_type=\"container\">\n\t\t\t\t\t<div class=\"e-con-inner\">\n\t\t\t\t<div class=\"elementor-element elementor-element-79cee63 elementor-widget elementor-widget-shortcode\" data-id=\"79cee63\" data-element_type=\"widget\" data-widget_type=\"shortcode.default\">\n\t\t\t\t<div class=\"elementor-widget-container\">\n\t\t\t\t\t\t\t<div class=\"elementor-shortcode\"><div class=\"scroll-indicator-center\">\n  <div class=\"arrow-down-white\"><\/div>\n<\/div>\n\n<style>\n.scroll-indicator-center {\n  position: fixed;\n  bottom: 30px;\n  left: 50%;\n  transform: translateX(-50%);\n  z-index: 999;\n  cursor: pointer;\n  opacity: 1;\n  transition: opacity 0.3s ease;\n}\n\n.arrow-down-white {\n  width: 20px;\n  height: 20px;\n  border: 3px solid #fff; \/* Mais grossa e branca *\/\n  border-width: 0 5px 5px 0;\n  transform: rotate(45deg);\n  animation: bounceDown 1.5s infinite;\n}\n\n@keyframes bounceDown {\n  0%, 20%, 50%, 80%, 100% {\n    transform: rotate(45deg) translateY(0);\n  }\n  40% {\n    transform: rotate(45deg) translateY(-10px);\n  }\n  60% {\n    transform: rotate(45deg) translateY(-5px);\n  }\n}\n\n.scroll-indicator-center.hidden {\n  opacity: 0;\n  pointer-events: none;\n}\n<\/style>\n\n<script>\njQuery(document).ready(function($) {\n  \/\/ Fun\u00e7\u00e3o para rolar suavemente ao clicar\n  $('.scroll-indicator-center').click(function() {\n    $('html, body').animate({\n      scrollTop: $(window).height()\n    }, 800);\n  });\n\n  \/\/ Esconder a seta ao rolar\n  $(window).scroll(function() {\n    if ($(this).scrollTop() > 100) {\n      $('.scroll-indicator-center').addClass('hidden');\n    } else {\n      $('.scroll-indicator-center').removeClass('hidden');\n    }\n  });\n});\n<\/script><\/div>\n\t\t\t\t\t\t<\/div>\n\t\t\t\t<\/div>\n\t\t\t\t\t<\/div>\n\t\t\t\t<\/div>\n\t\t<div class=\"elementor-element elementor-element-1580831c e-flex e-con-boxed e-con e-parent\" data-id=\"1580831c\" data-element_type=\"container\">\n\t\t\t\t\t<div class=\"e-con-inner\">\n\t\t\t\t<div class=\"elementor-element elementor-element-7c6f4eb elementor-widget elementor-widget-shortcode\" data-id=\"7c6f4eb\" data-element_type=\"widget\" data-widget_type=\"shortcode.default\">\n\t\t\t\t<div class=\"elementor-widget-container\">\n\t\t\t\t\t\t\t<div class=\"elementor-shortcode\">    <!-- Bot\u00e3o de Instalar App (Android) + Aviso iOS -->\n    <style>\n        #installAppBtn {\n            display: none;\n            background-color: #79239d;\n            color: white;\n            border: none;\n            padding: 10px 16px;\n            font-size: 16px;\n            border-radius: 8px;\n            cursor: pointer;\n            position: fixed;\n            bottom: 20px;\n            right: 20px;\n            z-index: 9999;\n            box-shadow: 0 4px 8px rgba(0,0,0,0.2);\n        }\n\n        #iosPrompt {\n            display: none;\n            position: fixed;\n            bottom: 20px;\n            left: 50%;\n            transform: translateX(-50%);\n            background: #ffffffee;\n            color: #333;\n            padding: 16px 20px;\n            border-radius: 12px;\n            box-shadow: 0 4px 10px rgba(0,0,0,0.2);\n            font-size: 15px;\n            max-width: 90%;\n            z-index: 9999;\n            text-align: center;\n        }\n\n        #iosPrompt strong {\n            color: #79239d;\n        }\n\n        #closeIosPrompt {\n            position: absolute;\n            top: 6px;\n            right: 10px;\n            font-size: 18px;\n            cursor: pointer;\n            color: #aaa;\n        }\n    <\/style>\n\n    <div id=\"iosPrompt\">\n        <span id=\"closeIosPrompt\">\u00d7<\/span>\n        Para instalar este cart\u00e3o, toque em <strong>Compartilhar<\/strong> (<span style=\"font-size:18px;\">\ud83d\udd17<\/span>) e depois em <strong>\u201cAdicionar \u00e0 Tela de In\u00edcio\u201d<\/strong>.\n    <\/div>\n\n    <button id=\"installAppBtn\">Instalar Cart\u00e3o na Tela<\/button>\n\n    <script>\n    \/\/ Manifesto din\u00e2mico\n    const manifestData = {\n        \"name\": \"Cart\u00e3o de Visita Virtual\",\n        \"short_name\": \"Cart\u00e3o Virtual\",\n        \"start_url\": window.location.origin + window.location.pathname,\n        \"display\": \"standalone\",\n        \"background_color\": \"#ffffff\",\n        \"theme_color\": \"#79239d\",\n        \"icons\": [\n            {\n                \"src\": \"https:\/\/cartaodevisitavirtual.com.br\/v2\/wp-content\/uploads\/sites\/3\/2025\/06\/icon-192.png\",\n                \"sizes\": \"192x192\",\n                \"type\": \"image\/png\"\n            },\n            {\n                \"src\": \"https:\/\/cartaodevisitavirtual.com.br\/v2\/wp-content\/uploads\/sites\/3\/2025\/06\/icon-512.png\",\n                \"sizes\": \"512x512\",\n                \"type\": \"image\/png\"\n            }\n        ]\n    };\n\n    const manifestBlob = new Blob([JSON.stringify(manifestData)], {type: 'application\/json'});\n    const manifestURL = URL.createObjectURL(manifestBlob);\n    const link = document.createElement('link');\n    link.rel = 'manifest';\n    link.href = manifestURL;\n    document.head.appendChild(link);\n\n    \/\/ Service Worker\n    if ('serviceWorker' in navigator) {\n        navigator.serviceWorker.register('data:application\/javascript;charset=utf-8,' + encodeURIComponent(`\n            self.addEventListener('fetch', function(event) {\n                event.respondWith(fetch(event.request));\n            });\n        `)).then(function(registration) {\n            console.log('Service Worker registrado!');\n        }).catch(function(error) {\n            console.log('Erro ao registrar Service Worker:', error);\n        });\n    }\n\n    \/\/ Detectar iOS\n    function isIOS() {\n        return \/iphone|ipad|ipod\/i.test(navigator.userAgent.toLowerCase());\n    }\n\n    if (isIOS()) {\n        const prompt = document.getElementById('iosPrompt');\n        const closeBtn = document.getElementById('closeIosPrompt');\n\n        prompt.style.display = 'block';\n\n        \/\/ Fechar manualmente\n        closeBtn.addEventListener('click', () => {\n            prompt.style.display = 'none';\n        });\n\n        \/\/ Fechar automaticamente ap\u00f3s 10 segundos\n        setTimeout(() => {\n            prompt.style.display = 'none';\n        }, 10000);\n    } else {\n        \/\/ Android - beforeinstallprompt\n        let deferredPrompt;\n        const installBtn = document.getElementById('installAppBtn');\n\n        window.addEventListener('beforeinstallprompt', (e) => {\n            e.preventDefault();\n            deferredPrompt = e;\n            installBtn.style.display = 'block';\n        });\n\n        installBtn.addEventListener('click', async () => {\n            installBtn.style.display = 'none';\n            if (deferredPrompt) {\n                deferredPrompt.prompt();\n                const choiceResult = await deferredPrompt.userChoice;\n                console.log(choiceResult.outcome);\n                deferredPrompt = null;\n            }\n        });\n    }\n    <\/script>\n    <\/div>\n\t\t\t\t\t\t<\/div>\n\t\t\t\t<\/div>\n\t\t\t\t\t<\/div>\n\t\t\t\t<\/div>\n\t\t<div class=\"elementor-element elementor-element-20a652b e-flex e-con-boxed e-con e-parent\" data-id=\"20a652b\" data-element_type=\"container\">\n\t\t\t\t\t<div class=\"e-con-inner\">\n\t\t\t\t\t<\/div>\n\t\t\t\t<\/div>\n\t\t\t\t<\/div>\n\t\t","protected":false},"excerpt":{"rendered":"","protected":false},"author":1,"featured_media":2669,"comment_status":"closed","ping_status":"closed","sticky":false,"template":"elementor_canvas","format":"standard","meta":{"footnotes":""},"categories":[36,8,39,15],"tags":[],"class_list":["post-2668","post","type-post","status-publish","format-standard","has-post-thumbnail","hentry","category-clinica","category-estetica","category-massagem","category-novo-cartao"],"yoast_head":"<!-- This site is optimized with the Yoast SEO plugin v26.4 - https:\/\/yoast.com\/wordpress\/plugins\/seo\/ -->\n<title>Kesla Mendes - Hair Concept<\/title>\n<meta name=\"description\" content=\"Novo Cart\u00e3o de Visita Virtual - Moderno e Exclusivo. Seu novo cart\u00e3o de visita. Digital, Online, Interativo e Virtual.\" \/>\n<meta name=\"robots\" content=\"noindex, follow\" \/>\n<meta property=\"og:locale\" content=\"pt_PT\" \/>\n<meta property=\"og:type\" content=\"article\" \/>\n<meta property=\"og:title\" content=\"Kesla Mendes - Hair Concept\" \/>\n<meta property=\"og:description\" content=\"Novo Cart\u00e3o de Visita Virtual - Moderno e Exclusivo. Seu novo cart\u00e3o de visita. Digital, Online, Interativo e Virtual.\" \/>\n<meta property=\"og:url\" content=\"https:\/\/cartaodevisitavirtual.com.br\/v3\/cartao\/kesla-mendes\/\" \/>\n<meta property=\"og:site_name\" content=\"Cart\u00e3o de Visita Virtual\" \/>\n<meta property=\"article:published_time\" content=\"2025-07-01T17:57:07+00:00\" \/>\n<meta property=\"article:modified_time\" content=\"2025-07-01T18:00:23+00:00\" \/>\n<meta property=\"og:image\" content=\"https:\/\/cartaodevisitavirtual.com.br\/v3\/wp-content\/uploads\/sites\/4\/2025\/07\/FavKeslaMendes290525.webp\" \/>\n\t<meta property=\"og:image:width\" content=\"540\" \/>\n\t<meta property=\"og:image:height\" content=\"540\" \/>\n\t<meta property=\"og:image:type\" content=\"image\/webp\" \/>\n<meta name=\"author\" content=\"cvvvovoso33\" \/>\n<meta name=\"twitter:card\" content=\"summary_large_image\" \/>\n<meta name=\"twitter:label1\" content=\"Escrito por\" \/>\n\t<meta name=\"twitter:data1\" content=\"cvvvovoso33\" \/>\n<script type=\"application\/ld+json\" class=\"yoast-schema-graph\">{\"@context\":\"https:\/\/schema.org\",\"@graph\":[{\"@type\":\"Article\",\"@id\":\"https:\/\/cartaodevisitavirtual.com.br\/v3\/cartao\/kesla-mendes\/#article\",\"isPartOf\":{\"@id\":\"https:\/\/cartaodevisitavirtual.com.br\/v3\/cartao\/kesla-mendes\/\"},\"author\":{\"name\":\"cvvvovoso33\",\"@id\":\"https:\/\/cartaodevisitavirtual.com.br\/v3\/#\/schema\/person\/628f6510a9a37eeee9625f7abc25487e\"},\"headline\":\"Kesla Mendes &#8211; Hair Concept\",\"datePublished\":\"2025-07-01T17:57:07+00:00\",\"dateModified\":\"2025-07-01T18:00:23+00:00\",\"mainEntityOfPage\":{\"@id\":\"https:\/\/cartaodevisitavirtual.com.br\/v3\/cartao\/kesla-mendes\/\"},\"wordCount\":8,\"publisher\":{\"@id\":\"https:\/\/cartaodevisitavirtual.com.br\/v3\/#organization\"},\"image\":{\"@id\":\"https:\/\/cartaodevisitavirtual.com.br\/v3\/cartao\/kesla-mendes\/#primaryimage\"},\"thumbnailUrl\":\"https:\/\/cartaodevisitavirtual.com.br\/v3\/wp-content\/uploads\/sites\/4\/2025\/07\/FavKeslaMendes290525.webp\",\"articleSection\":[\"Cl\u00ednica\",\"Est\u00e9tica\",\"Massagem\",\"Novo Cart\u00e3o\"],\"inLanguage\":\"pt-PT\"},{\"@type\":\"WebPage\",\"@id\":\"https:\/\/cartaodevisitavirtual.com.br\/v3\/cartao\/kesla-mendes\/\",\"url\":\"https:\/\/cartaodevisitavirtual.com.br\/v3\/cartao\/kesla-mendes\/\",\"name\":\"Kesla Mendes - Hair Concept\",\"isPartOf\":{\"@id\":\"https:\/\/cartaodevisitavirtual.com.br\/v3\/#website\"},\"primaryImageOfPage\":{\"@id\":\"https:\/\/cartaodevisitavirtual.com.br\/v3\/cartao\/kesla-mendes\/#primaryimage\"},\"image\":{\"@id\":\"https:\/\/cartaodevisitavirtual.com.br\/v3\/cartao\/kesla-mendes\/#primaryimage\"},\"thumbnailUrl\":\"https:\/\/cartaodevisitavirtual.com.br\/v3\/wp-content\/uploads\/sites\/4\/2025\/07\/FavKeslaMendes290525.webp\",\"datePublished\":\"2025-07-01T17:57:07+00:00\",\"dateModified\":\"2025-07-01T18:00:23+00:00\",\"description\":\"Novo Cart\u00e3o de Visita Virtual - Moderno e Exclusivo. Seu novo cart\u00e3o de visita. Digital, Online, Interativo e Virtual.\",\"breadcrumb\":{\"@id\":\"https:\/\/cartaodevisitavirtual.com.br\/v3\/cartao\/kesla-mendes\/#breadcrumb\"},\"inLanguage\":\"pt-PT\",\"potentialAction\":[{\"@type\":\"ReadAction\",\"target\":[\"https:\/\/cartaodevisitavirtual.com.br\/v3\/cartao\/kesla-mendes\/\"]}]},{\"@type\":\"ImageObject\",\"inLanguage\":\"pt-PT\",\"@id\":\"https:\/\/cartaodevisitavirtual.com.br\/v3\/cartao\/kesla-mendes\/#primaryimage\",\"url\":\"https:\/\/cartaodevisitavirtual.com.br\/v3\/wp-content\/uploads\/sites\/4\/2025\/07\/FavKeslaMendes290525.webp\",\"contentUrl\":\"https:\/\/cartaodevisitavirtual.com.br\/v3\/wp-content\/uploads\/sites\/4\/2025\/07\/FavKeslaMendes290525.webp\",\"width\":540,\"height\":540},{\"@type\":\"BreadcrumbList\",\"@id\":\"https:\/\/cartaodevisitavirtual.com.br\/v3\/cartao\/kesla-mendes\/#breadcrumb\",\"itemListElement\":[{\"@type\":\"ListItem\",\"position\":1,\"name\":\"In\u00edcio\",\"item\":\"https:\/\/cartaodevisitavirtual.com.br\/v3\/\"},{\"@type\":\"ListItem\",\"position\":2,\"name\":\"Kesla Mendes &#8211; Hair Concept\"}]},{\"@type\":\"WebSite\",\"@id\":\"https:\/\/cartaodevisitavirtual.com.br\/v3\/#website\",\"url\":\"https:\/\/cartaodevisitavirtual.com.br\/v3\/\",\"name\":\"Cart\u00e3o de Visita Virtual\",\"description\":\"Cart\u00e3o de Visita Virtual. Seu novo cart\u00e3o de visita, digital, interativo, online e virtual. Tenha um cart\u00e3o de visita moderno e exclusivo.\",\"publisher\":{\"@id\":\"https:\/\/cartaodevisitavirtual.com.br\/v3\/#organization\"},\"potentialAction\":[{\"@type\":\"SearchAction\",\"target\":{\"@type\":\"EntryPoint\",\"urlTemplate\":\"https:\/\/cartaodevisitavirtual.com.br\/v3\/?s={search_term_string}\"},\"query-input\":{\"@type\":\"PropertyValueSpecification\",\"valueRequired\":true,\"valueName\":\"search_term_string\"}}],\"inLanguage\":\"pt-PT\"},{\"@type\":\"Organization\",\"@id\":\"https:\/\/cartaodevisitavirtual.com.br\/v3\/#organization\",\"name\":\"Cart\u00e3o de Visita Virtual\",\"url\":\"https:\/\/cartaodevisitavirtual.com.br\/v3\/\",\"logo\":{\"@type\":\"ImageObject\",\"inLanguage\":\"pt-PT\",\"@id\":\"https:\/\/cartaodevisitavirtual.com.br\/v3\/#\/schema\/logo\/image\/\",\"url\":\"https:\/\/cartaodevisitavirtual.com.br\/v3\/wp-content\/uploads\/sites\/4\/2024\/10\/CVV060125.webp\",\"contentUrl\":\"https:\/\/cartaodevisitavirtual.com.br\/v3\/wp-content\/uploads\/sites\/4\/2024\/10\/CVV060125.webp\",\"width\":540,\"height\":540,\"caption\":\"Cart\u00e3o de Visita Virtual\"},\"image\":{\"@id\":\"https:\/\/cartaodevisitavirtual.com.br\/v3\/#\/schema\/logo\/image\/\"}},{\"@type\":\"Person\",\"@id\":\"https:\/\/cartaodevisitavirtual.com.br\/v3\/#\/schema\/person\/628f6510a9a37eeee9625f7abc25487e\",\"name\":\"cvvvovoso33\",\"image\":{\"@type\":\"ImageObject\",\"inLanguage\":\"pt-PT\",\"@id\":\"https:\/\/cartaodevisitavirtual.com.br\/v3\/#\/schema\/person\/image\/\",\"url\":\"https:\/\/secure.gravatar.com\/avatar\/cc9286941acb2861a0cf51545a64254bfc3547a56b54a38b79780672bb617cc1?s=96&d=mm&r=g\",\"contentUrl\":\"https:\/\/secure.gravatar.com\/avatar\/cc9286941acb2861a0cf51545a64254bfc3547a56b54a38b79780672bb617cc1?s=96&d=mm&r=g\",\"caption\":\"cvvvovoso33\"},\"sameAs\":[\"https:\/\/cartaodevisitavirtual.com.br\"],\"url\":\"https:\/\/cartaodevisitavirtual.com.br\/v3\/cartao\/author\/cvvvovoso33\/\"}]}<\/script>\n<!-- \/ Yoast SEO plugin. -->","yoast_head_json":{"title":"Kesla Mendes - Hair Concept","description":"Novo Cart\u00e3o de Visita Virtual - Moderno e Exclusivo. Seu novo cart\u00e3o de visita. Digital, Online, Interativo e Virtual.","robots":{"index":"noindex","follow":"follow"},"og_locale":"pt_PT","og_type":"article","og_title":"Kesla Mendes - Hair Concept","og_description":"Novo Cart\u00e3o de Visita Virtual - Moderno e Exclusivo. Seu novo cart\u00e3o de visita. Digital, Online, Interativo e Virtual.","og_url":"https:\/\/cartaodevisitavirtual.com.br\/v3\/cartao\/kesla-mendes\/","og_site_name":"Cart\u00e3o de Visita Virtual","article_published_time":"2025-07-01T17:57:07+00:00","article_modified_time":"2025-07-01T18:00:23+00:00","og_image":[{"width":540,"height":540,"url":"https:\/\/cartaodevisitavirtual.com.br\/v3\/wp-content\/uploads\/sites\/4\/2025\/07\/FavKeslaMendes290525.webp","type":"image\/webp"}],"author":"cvvvovoso33","twitter_card":"summary_large_image","twitter_misc":{"Escrito por":"cvvvovoso33"},"schema":{"@context":"https:\/\/schema.org","@graph":[{"@type":"Article","@id":"https:\/\/cartaodevisitavirtual.com.br\/v3\/cartao\/kesla-mendes\/#article","isPartOf":{"@id":"https:\/\/cartaodevisitavirtual.com.br\/v3\/cartao\/kesla-mendes\/"},"author":{"name":"cvvvovoso33","@id":"https:\/\/cartaodevisitavirtual.com.br\/v3\/#\/schema\/person\/628f6510a9a37eeee9625f7abc25487e"},"headline":"Kesla Mendes &#8211; Hair Concept","datePublished":"2025-07-01T17:57:07+00:00","dateModified":"2025-07-01T18:00:23+00:00","mainEntityOfPage":{"@id":"https:\/\/cartaodevisitavirtual.com.br\/v3\/cartao\/kesla-mendes\/"},"wordCount":8,"publisher":{"@id":"https:\/\/cartaodevisitavirtual.com.br\/v3\/#organization"},"image":{"@id":"https:\/\/cartaodevisitavirtual.com.br\/v3\/cartao\/kesla-mendes\/#primaryimage"},"thumbnailUrl":"https:\/\/cartaodevisitavirtual.com.br\/v3\/wp-content\/uploads\/sites\/4\/2025\/07\/FavKeslaMendes290525.webp","articleSection":["Cl\u00ednica","Est\u00e9tica","Massagem","Novo Cart\u00e3o"],"inLanguage":"pt-PT"},{"@type":"WebPage","@id":"https:\/\/cartaodevisitavirtual.com.br\/v3\/cartao\/kesla-mendes\/","url":"https:\/\/cartaodevisitavirtual.com.br\/v3\/cartao\/kesla-mendes\/","name":"Kesla Mendes - Hair Concept","isPartOf":{"@id":"https:\/\/cartaodevisitavirtual.com.br\/v3\/#website"},"primaryImageOfPage":{"@id":"https:\/\/cartaodevisitavirtual.com.br\/v3\/cartao\/kesla-mendes\/#primaryimage"},"image":{"@id":"https:\/\/cartaodevisitavirtual.com.br\/v3\/cartao\/kesla-mendes\/#primaryimage"},"thumbnailUrl":"https:\/\/cartaodevisitavirtual.com.br\/v3\/wp-content\/uploads\/sites\/4\/2025\/07\/FavKeslaMendes290525.webp","datePublished":"2025-07-01T17:57:07+00:00","dateModified":"2025-07-01T18:00:23+00:00","description":"Novo Cart\u00e3o de Visita Virtual - Moderno e Exclusivo. Seu novo cart\u00e3o de visita. Digital, Online, Interativo e Virtual.","breadcrumb":{"@id":"https:\/\/cartaodevisitavirtual.com.br\/v3\/cartao\/kesla-mendes\/#breadcrumb"},"inLanguage":"pt-PT","potentialAction":[{"@type":"ReadAction","target":["https:\/\/cartaodevisitavirtual.com.br\/v3\/cartao\/kesla-mendes\/"]}]},{"@type":"ImageObject","inLanguage":"pt-PT","@id":"https:\/\/cartaodevisitavirtual.com.br\/v3\/cartao\/kesla-mendes\/#primaryimage","url":"https:\/\/cartaodevisitavirtual.com.br\/v3\/wp-content\/uploads\/sites\/4\/2025\/07\/FavKeslaMendes290525.webp","contentUrl":"https:\/\/cartaodevisitavirtual.com.br\/v3\/wp-content\/uploads\/sites\/4\/2025\/07\/FavKeslaMendes290525.webp","width":540,"height":540},{"@type":"BreadcrumbList","@id":"https:\/\/cartaodevisitavirtual.com.br\/v3\/cartao\/kesla-mendes\/#breadcrumb","itemListElement":[{"@type":"ListItem","position":1,"name":"In\u00edcio","item":"https:\/\/cartaodevisitavirtual.com.br\/v3\/"},{"@type":"ListItem","position":2,"name":"Kesla Mendes &#8211; Hair Concept"}]},{"@type":"WebSite","@id":"https:\/\/cartaodevisitavirtual.com.br\/v3\/#website","url":"https:\/\/cartaodevisitavirtual.com.br\/v3\/","name":"Cart\u00e3o de Visita Virtual","description":"Cart\u00e3o de Visita Virtual. Seu novo cart\u00e3o de visita, digital, interativo, online e virtual. Tenha um cart\u00e3o de visita moderno e exclusivo.","publisher":{"@id":"https:\/\/cartaodevisitavirtual.com.br\/v3\/#organization"},"potentialAction":[{"@type":"SearchAction","target":{"@type":"EntryPoint","urlTemplate":"https:\/\/cartaodevisitavirtual.com.br\/v3\/?s={search_term_string}"},"query-input":{"@type":"PropertyValueSpecification","valueRequired":true,"valueName":"search_term_string"}}],"inLanguage":"pt-PT"},{"@type":"Organization","@id":"https:\/\/cartaodevisitavirtual.com.br\/v3\/#organization","name":"Cart\u00e3o de Visita Virtual","url":"https:\/\/cartaodevisitavirtual.com.br\/v3\/","logo":{"@type":"ImageObject","inLanguage":"pt-PT","@id":"https:\/\/cartaodevisitavirtual.com.br\/v3\/#\/schema\/logo\/image\/","url":"https:\/\/cartaodevisitavirtual.com.br\/v3\/wp-content\/uploads\/sites\/4\/2024\/10\/CVV060125.webp","contentUrl":"https:\/\/cartaodevisitavirtual.com.br\/v3\/wp-content\/uploads\/sites\/4\/2024\/10\/CVV060125.webp","width":540,"height":540,"caption":"Cart\u00e3o de Visita Virtual"},"image":{"@id":"https:\/\/cartaodevisitavirtual.com.br\/v3\/#\/schema\/logo\/image\/"}},{"@type":"Person","@id":"https:\/\/cartaodevisitavirtual.com.br\/v3\/#\/schema\/person\/628f6510a9a37eeee9625f7abc25487e","name":"cvvvovoso33","image":{"@type":"ImageObject","inLanguage":"pt-PT","@id":"https:\/\/cartaodevisitavirtual.com.br\/v3\/#\/schema\/person\/image\/","url":"https:\/\/secure.gravatar.com\/avatar\/cc9286941acb2861a0cf51545a64254bfc3547a56b54a38b79780672bb617cc1?s=96&d=mm&r=g","contentUrl":"https:\/\/secure.gravatar.com\/avatar\/cc9286941acb2861a0cf51545a64254bfc3547a56b54a38b79780672bb617cc1?s=96&d=mm&r=g","caption":"cvvvovoso33"},"sameAs":["https:\/\/cartaodevisitavirtual.com.br"],"url":"https:\/\/cartaodevisitavirtual.com.br\/v3\/cartao\/author\/cvvvovoso33\/"}]}},"_links":{"self":[{"href":"https:\/\/cartaodevisitavirtual.com.br\/v3\/wp-json\/wp\/v2\/posts\/2668","targetHints":{"allow":["GET"]}}],"collection":[{"href":"https:\/\/cartaodevisitavirtual.com.br\/v3\/wp-json\/wp\/v2\/posts"}],"about":[{"href":"https:\/\/cartaodevisitavirtual.com.br\/v3\/wp-json\/wp\/v2\/types\/post"}],"author":[{"embeddable":true,"href":"https:\/\/cartaodevisitavirtual.com.br\/v3\/wp-json\/wp\/v2\/users\/1"}],"replies":[{"embeddable":true,"href":"https:\/\/cartaodevisitavirtual.com.br\/v3\/wp-json\/wp\/v2\/comments?post=2668"}],"version-history":[{"count":10,"href":"https:\/\/cartaodevisitavirtual.com.br\/v3\/wp-json\/wp\/v2\/posts\/2668\/revisions"}],"predecessor-version":[{"id":2682,"href":"https:\/\/cartaodevisitavirtual.com.br\/v3\/wp-json\/wp\/v2\/posts\/2668\/revisions\/2682"}],"wp:featuredmedia":[{"embeddable":true,"href":"https:\/\/cartaodevisitavirtual.com.br\/v3\/wp-json\/wp\/v2\/media\/2669"}],"wp:attachment":[{"href":"https:\/\/cartaodevisitavirtual.com.br\/v3\/wp-json\/wp\/v2\/media?parent=2668"}],"wp:term":[{"taxonomy":"category","embeddable":true,"href":"https:\/\/cartaodevisitavirtual.com.br\/v3\/wp-json\/wp\/v2\/categories?post=2668"},{"taxonomy":"post_tag","embeddable":true,"href":"https:\/\/cartaodevisitavirtual.com.br\/v3\/wp-json\/wp\/v2\/tags?post=2668"}],"curies":[{"name":"wp","href":"https:\/\/api.w.org\/{rel}","templated":true}]}}