{"id":385,"date":"2024-11-18T17:42:59","date_gmt":"2024-11-18T20:42:59","guid":{"rendered":"https:\/\/cartaodevisitavirtual.com.br\/v3\/?p=385"},"modified":"2025-07-24T16:40:44","modified_gmt":"2025-07-24T19:40:44","slug":"kamila-almeida","status":"publish","type":"post","link":"https:\/\/cartaodevisitavirtual.com.br\/v3\/cartao\/kamila-almeida\/","title":{"rendered":"Kamila Almeida &#8211; Harmoniza\u00e7\u00e3o Orofacial"},"content":{"rendered":"\t\t<div data-elementor-type=\"wp-post\" data-elementor-id=\"385\" class=\"elementor elementor-385\">\n\t\t\t\t<div class=\"elementor-element elementor-element-9d02a2a e-flex e-con-boxed e-con e-parent\" data-id=\"9d02a2a\" data-element_type=\"container\">\n\t\t\t\t\t<div class=\"e-con-inner\">\n\t\t\t\t<div class=\"elementor-element elementor-element-5397c39 elementor-widget elementor-widget-shortcode\" data-id=\"5397c39\" data-element_type=\"widget\" data-widget_type=\"shortcode.default\">\n\t\t\t\t<div class=\"elementor-widget-container\">\n\t\t\t\t\t\t\t<div class=\"elementor-shortcode\"><div id=\"image-map-pro-6257\"><\/div><\/div>\n\t\t\t\t\t\t<\/div>\n\t\t\t\t<\/div>\n\t\t\t\t\t<\/div>\n\t\t\t\t<\/div>\n\t\t<div class=\"elementor-element elementor-element-2bb7e7a e-flex e-con-boxed e-con e-parent\" data-id=\"2bb7e7a\" data-element_type=\"container\">\n\t\t\t\t\t<div class=\"e-con-inner\">\n\t\t\t\t<div class=\"elementor-element elementor-element-1e762e00 elementor-widget elementor-widget-shortcode\" data-id=\"1e762e00\" data-element_type=\"widget\" data-widget_type=\"shortcode.default\">\n\t\t\t\t<div class=\"elementor-widget-container\">\n\t\t\t\t\t\t\t<div class=\"elementor-shortcode\"><div class=\"custom-share-container\">\n    <img decoding=\"async\" \n        style=\"width: 6%; vertical-align: middle; margin-left: 5px; padding: 0;\" \n        src=\"https:\/\/cartaodevisitavirtual.com.br\/v3\/wp-content\/uploads\/sites\/4\/2024\/11\/dedo01.webp\" \n        alt=\"Clique\" \n    \/>\n    <p \n        style=\"color: #c4c4c4; font-size: 10px; margin: 0; padding: 0; display: inline-block; vertical-align: middle;\" \n        class=\"instruction-text\"\n    >\n       &nbsp&nbspCLIQUE PARA INTERAGIR\n    <\/p>\n\n    <div class=\"custom-share-icons\">\n      <!-- Bot\u00e3o QR Code -->\n      <a id=\"qrcode-button\" href=\"#\" target=\"_blank\" class=\"icon-wrapper\">\n        <img decoding=\"async\" src=\"https:\/\/cartaodevisitavirtual.com.br\/v3\/wp-content\/uploads\/sites\/4\/2024\/11\/qrcode01.webp\" alt=\"QR Code\" \/>\n      <\/a>\n      <!-- Bot\u00e3o Compartilhar -->\n      <a id=\"whatsapp-button\" href=\"#\" target=\"_blank\" class=\"icon-wrapper\">\n        <img decoding=\"async\" src=\"https:\/\/cartaodevisitavirtual.com.br\/v3\/wp-content\/uploads\/sites\/4\/2024\/11\/compartilha01.webp\" alt=\"Compartilhar\" \/>\n      <\/a>\n      <!-- Bot\u00e3o Link Atual -->\n      <a id=\"link-button\" href=\"#\" target=\"_blank\" class=\"icon-wrapper\">\n        <img decoding=\"async\" src=\"https:\/\/cartaodevisitavirtual.com.br\/v3\/wp-content\/uploads\/sites\/4\/2024\/11\/link01.webp\" alt=\"Link Atual\" \/>\n      <\/a>\n    <\/div>\n  <\/div>\n  \n  <style>\n    .custom-share-container {\n      display: flex;\n      flex-direction: row; \/* Alinha horizontalmente os elementos principais *\/\n      align-items: center; \/* Centraliza no eixo vertical *\/\n      justify-content: center; \/* Centraliza no eixo horizontal *\/\n      background-color: #333; \/* Fundo escuro *\/\n      padding: 16px 0px 12px 10px;\n      border-radius: 8px;\n      width: 100%; \/* Usa 100% da largura dispon\u00edvel *\/\n      max-width: 530px; \/* Limite m\u00e1ximo de largura *\/\n      margin: 0 auto; \/* Centraliza horizontalmente no pai *\/\n      flex-wrap: nowrap; \/* Evita quebras de linha *\/\n      overflow: hidden;\n      transform: scale(1); \/* Define o tamanho padr\u00e3o *\/\n      transition: transform 0.2s ease; \/* Suaviza mudan\u00e7as no tamanho *\/\n    }\n  \n    .custom-share-icons {\n      display: flex;\n      align-items: center; \/* Centraliza os \u00edcones no eixo vertical *\/\n      justify-content: space-between; \/* Espa\u00e7a igualmente os \u00edcones *\/\n      width: 50%; \/* Ocupa 50% da largura *\/\n      max-width: 265px; \/* Limita a largura *\/\n      flex-wrap: nowrap; \/* Evita quebras de linha *\/\n      margin: 0 30px;\n    }\n  \n    .icon-wrapper img {\n      width: 18px;\n      height: 18px;\n    }\n  \n    .instruction-text {\n      margin-left: 20px; \/* Espa\u00e7o entre texto e \u00edcones *\/\n      color: #fff; \/* Texto branco *\/\n      font-size: 14px;\n      text-transform: uppercase;\n      font-weight: bold;\n      letter-spacing: 1px;\n      white-space: nowrap; \/* Evita quebra de linha no texto *\/\n      text-align: center;\n    }\n  \n    \/* Responsividade *\/\n    @media screen and (max-width: 530px) {\n      .custom-share-container {\n        transform: scale(1.0); \/* Reduz proporcionalmente o tamanho do container *\/\n      }\n    }\n  \n    @media screen and (max-width: 400px) {\n      .custom-share-container {\n        transform: scale(1.0); \/* Reduz mais em telas muito pequenas *\/\n      }\n    }\n  <\/style>\n  \n\n<script>\n    document.addEventListener(\"DOMContentLoaded\", function () {\n        \/\/ Captura o link da p\u00e1gina atual\n        const currentUrl = encodeURIComponent(window.location.href);\n\n        \/\/ Define os links com os par\u00e2metros corretos\n        const qrcodeLink = \"https:\/\/cartaovirtualdevisita.com.br\/qrcode.html?qrcode=\" + currentUrl;\n        const whatsappLink = \"https:\/\/cartaovirtualdevisita.com.br\/whatsapp.html?whats=\" + currentUrl;\n        const linkAtual = \"https:\/\/cartaovirtualdevisita.com.br\/link.html?link=\" + currentUrl;\n\n        \/\/ Atualiza os bot\u00f5es com os links correspondentes\n        document.getElementById(\"qrcode-button\").href = qrcodeLink;\n        document.getElementById(\"whatsapp-button\").href = whatsappLink;\n        document.getElementById(\"link-button\").href = linkAtual;\n    });\n<\/script>\n\n<\/div>\n\t\t\t\t\t\t<\/div>\n\t\t\t\t<\/div>\n\t\t\t\t\t<\/div>\n\t\t\t\t<\/div>\n\t\t<div class=\"elementor-element elementor-element-20a652b e-flex e-con-boxed e-con e-parent\" data-id=\"20a652b\" data-element_type=\"container\">\n\t\t\t\t\t<div class=\"e-con-inner\">\n\t\t\t\t<div class=\"elementor-element elementor-element-0e74a96 elementor-widget elementor-widget-shortcode\" data-id=\"0e74a96\" data-element_type=\"widget\" data-widget_type=\"shortcode.default\">\n\t\t\t\t<div class=\"elementor-widget-container\">\n\t\t\t\t\t\t\t<div class=\"elementor-shortcode\">    <!-- Bot\u00e3o de Instalar App (Android) + Aviso iOS -->\n    <style>\n        #installAppBtn {\n            display: none;\n            background-color: #79239d;\n            color: white;\n            border: none;\n            padding: 10px 16px;\n            font-size: 16px;\n            border-radius: 8px;\n            cursor: pointer;\n            position: fixed;\n            bottom: 20px;\n            right: 20px;\n            z-index: 9999;\n            box-shadow: 0 4px 8px rgba(0,0,0,0.2);\n        }\n\n        #iosPrompt {\n            display: none;\n            position: fixed;\n            bottom: 20px;\n            left: 50%;\n            transform: translateX(-50%);\n            background: #ffffffee;\n            color: #333;\n            padding: 16px 20px;\n            border-radius: 12px;\n            box-shadow: 0 4px 10px rgba(0,0,0,0.2);\n            font-size: 15px;\n            max-width: 90%;\n            z-index: 9999;\n            text-align: center;\n        }\n\n        #iosPrompt strong {\n            color: #79239d;\n        }\n\n        #closeIosPrompt {\n            position: absolute;\n            top: 6px;\n            right: 10px;\n            font-size: 18px;\n            cursor: pointer;\n            color: #aaa;\n        }\n    <\/style>\n\n    <div id=\"iosPrompt\">\n        <span id=\"closeIosPrompt\">\u00d7<\/span>\n        Para instalar este cart\u00e3o, toque em <strong>Compartilhar<\/strong> (<span style=\"font-size:18px;\">\ud83d\udd17<\/span>) e depois em <strong>\u201cAdicionar \u00e0 Tela de In\u00edcio\u201d<\/strong>.\n    <\/div>\n\n    <button id=\"installAppBtn\">Instalar Cart\u00e3o na Tela<\/button>\n\n    <script>\n    \/\/ Manifesto din\u00e2mico\n    const manifestData = {\n        \"name\": \"Cart\u00e3o de Visita Virtual\",\n        \"short_name\": \"Cart\u00e3o Virtual\",\n        \"start_url\": window.location.origin + window.location.pathname,\n        \"display\": \"standalone\",\n        \"background_color\": \"#ffffff\",\n        \"theme_color\": \"#79239d\",\n        \"icons\": [\n            {\n                \"src\": \"https:\/\/cartaodevisitavirtual.com.br\/v2\/wp-content\/uploads\/sites\/3\/2025\/06\/icon-192.png\",\n                \"sizes\": \"192x192\",\n                \"type\": \"image\/png\"\n            },\n            {\n                \"src\": \"https:\/\/cartaodevisitavirtual.com.br\/v2\/wp-content\/uploads\/sites\/3\/2025\/06\/icon-512.png\",\n                \"sizes\": \"512x512\",\n                \"type\": \"image\/png\"\n            }\n        ]\n    };\n\n    const manifestBlob = new Blob([JSON.stringify(manifestData)], {type: 'application\/json'});\n    const manifestURL = URL.createObjectURL(manifestBlob);\n    const link = document.createElement('link');\n    link.rel = 'manifest';\n    link.href = manifestURL;\n    document.head.appendChild(link);\n\n    \/\/ Service Worker\n    if ('serviceWorker' in navigator) {\n        navigator.serviceWorker.register('data:application\/javascript;charset=utf-8,' + encodeURIComponent(`\n            self.addEventListener('fetch', function(event) {\n                event.respondWith(fetch(event.request));\n            });\n        `)).then(function(registration) {\n            console.log('Service Worker registrado!');\n        }).catch(function(error) {\n            console.log('Erro ao registrar Service Worker:', error);\n        });\n    }\n\n    \/\/ Detectar iOS\n    function isIOS() {\n        return \/iphone|ipad|ipod\/i.test(navigator.userAgent.toLowerCase());\n    }\n\n    if (isIOS()) {\n        const prompt = document.getElementById('iosPrompt');\n        const closeBtn = document.getElementById('closeIosPrompt');\n\n        prompt.style.display = 'block';\n\n        \/\/ Fechar manualmente\n        closeBtn.addEventListener('click', () => {\n            prompt.style.display = 'none';\n        });\n\n        \/\/ Fechar automaticamente ap\u00f3s 10 segundos\n        setTimeout(() => {\n            prompt.style.display = 'none';\n        }, 10000);\n    } else {\n        \/\/ Android - beforeinstallprompt\n        let deferredPrompt;\n        const installBtn = document.getElementById('installAppBtn');\n\n        window.addEventListener('beforeinstallprompt', (e) => {\n            e.preventDefault();\n            deferredPrompt = e;\n            installBtn.style.display = 'block';\n        });\n\n        installBtn.addEventListener('click', async () => {\n            installBtn.style.display = 'none';\n            if (deferredPrompt) {\n                deferredPrompt.prompt();\n                const choiceResult = await deferredPrompt.userChoice;\n                console.log(choiceResult.outcome);\n                deferredPrompt = null;\n            }\n        });\n    }\n    <\/script>\n    <\/div>\n\t\t\t\t\t\t<\/div>\n\t\t\t\t<\/div>\n\t\t\t\t\t<\/div>\n\t\t\t\t<\/div>\n\t\t\t\t<\/div>\n\t\t","protected":false},"excerpt":{"rendered":"<p>&#038;nbsp&#038;nbspCLIQUE PARA INTERAGIR<\/p>\n","protected":false},"author":1,"featured_media":381,"comment_status":"closed","ping_status":"closed","sticky":false,"template":"elementor_canvas","format":"standard","meta":{"footnotes":""},"categories":[11,8],"tags":[],"class_list":["post-385","post","type-post","status-publish","format-standard","has-post-thumbnail","hentry","category-dentista","category-estetica"],"yoast_head":"<!-- This site is optimized with the Yoast SEO plugin v26.4 - https:\/\/yoast.com\/wordpress\/plugins\/seo\/ -->\n<title>Kamila Almeida - Harmoniza\u00e7\u00e3o Orofacial - Cart\u00e3o de Visita Virtual<\/title>\n<meta name=\"robots\" content=\"noindex, nofollow\" \/>\n<meta property=\"og:locale\" content=\"pt_PT\" \/>\n<meta property=\"og:type\" content=\"article\" \/>\n<meta property=\"og:title\" content=\"Kamila Almeida - Harmoniza\u00e7\u00e3o Orofacial - Cart\u00e3o de Visita Virtual\" \/>\n<meta property=\"og:description\" content=\"&#038;nbsp&#038;nbspCLIQUE PARA INTERAGIR\" \/>\n<meta property=\"og:url\" content=\"https:\/\/cartaodevisitavirtual.com.br\/v3\/cartao\/kamila-almeida\/\" \/>\n<meta property=\"og:site_name\" content=\"Cart\u00e3o de Visita Virtual\" \/>\n<meta property=\"article:published_time\" content=\"2024-11-18T20:42:59+00:00\" \/>\n<meta property=\"article:modified_time\" content=\"2025-07-24T19:40:44+00:00\" \/>\n<meta property=\"og:image\" content=\"https:\/\/cartaodevisitavirtual.com.br\/v3\/wp-content\/uploads\/sites\/4\/2024\/11\/FavKamilaAlmeida181124.webp\" \/>\n\t<meta property=\"og:image:width\" content=\"540\" \/>\n\t<meta property=\"og:image:height\" content=\"540\" \/>\n\t<meta property=\"og:image:type\" content=\"image\/webp\" \/>\n<meta name=\"author\" content=\"cvvvovoso33\" \/>\n<meta name=\"twitter:card\" content=\"summary_large_image\" \/>\n<meta name=\"twitter:label1\" content=\"Escrito por\" \/>\n\t<meta name=\"twitter:data1\" content=\"cvvvovoso33\" \/>\n<script type=\"application\/ld+json\" class=\"yoast-schema-graph\">{\"@context\":\"https:\/\/schema.org\",\"@graph\":[{\"@type\":\"Article\",\"@id\":\"https:\/\/cartaodevisitavirtual.com.br\/v3\/cartao\/kamila-almeida\/#article\",\"isPartOf\":{\"@id\":\"https:\/\/cartaodevisitavirtual.com.br\/v3\/cartao\/kamila-almeida\/\"},\"author\":{\"name\":\"cvvvovoso33\",\"@id\":\"https:\/\/cartaodevisitavirtual.com.br\/v3\/#\/schema\/person\/628f6510a9a37eeee9625f7abc25487e\"},\"headline\":\"Kamila Almeida &#8211; Harmoniza\u00e7\u00e3o Orofacial\",\"datePublished\":\"2024-11-18T20:42:59+00:00\",\"dateModified\":\"2025-07-24T19:40:44+00:00\",\"mainEntityOfPage\":{\"@id\":\"https:\/\/cartaodevisitavirtual.com.br\/v3\/cartao\/kamila-almeida\/\"},\"wordCount\":13,\"publisher\":{\"@id\":\"https:\/\/cartaodevisitavirtual.com.br\/v3\/#organization\"},\"image\":{\"@id\":\"https:\/\/cartaodevisitavirtual.com.br\/v3\/cartao\/kamila-almeida\/#primaryimage\"},\"thumbnailUrl\":\"https:\/\/cartaodevisitavirtual.com.br\/v3\/wp-content\/uploads\/sites\/4\/2024\/11\/FavKamilaAlmeida181124.webp\",\"articleSection\":[\"Dentista\",\"Est\u00e9tica\"],\"inLanguage\":\"pt-PT\"},{\"@type\":\"WebPage\",\"@id\":\"https:\/\/cartaodevisitavirtual.com.br\/v3\/cartao\/kamila-almeida\/\",\"url\":\"https:\/\/cartaodevisitavirtual.com.br\/v3\/cartao\/kamila-almeida\/\",\"name\":\"Kamila Almeida - Harmoniza\u00e7\u00e3o Orofacial - Cart\u00e3o de Visita Virtual\",\"isPartOf\":{\"@id\":\"https:\/\/cartaodevisitavirtual.com.br\/v3\/#website\"},\"primaryImageOfPage\":{\"@id\":\"https:\/\/cartaodevisitavirtual.com.br\/v3\/cartao\/kamila-almeida\/#primaryimage\"},\"image\":{\"@id\":\"https:\/\/cartaodevisitavirtual.com.br\/v3\/cartao\/kamila-almeida\/#primaryimage\"},\"thumbnailUrl\":\"https:\/\/cartaodevisitavirtual.com.br\/v3\/wp-content\/uploads\/sites\/4\/2024\/11\/FavKamilaAlmeida181124.webp\",\"datePublished\":\"2024-11-18T20:42:59+00:00\",\"dateModified\":\"2025-07-24T19:40:44+00:00\",\"breadcrumb\":{\"@id\":\"https:\/\/cartaodevisitavirtual.com.br\/v3\/cartao\/kamila-almeida\/#breadcrumb\"},\"inLanguage\":\"pt-PT\",\"potentialAction\":[{\"@type\":\"ReadAction\",\"target\":[\"https:\/\/cartaodevisitavirtual.com.br\/v3\/cartao\/kamila-almeida\/\"]}]},{\"@type\":\"ImageObject\",\"inLanguage\":\"pt-PT\",\"@id\":\"https:\/\/cartaodevisitavirtual.com.br\/v3\/cartao\/kamila-almeida\/#primaryimage\",\"url\":\"https:\/\/cartaodevisitavirtual.com.br\/v3\/wp-content\/uploads\/sites\/4\/2024\/11\/FavKamilaAlmeida181124.webp\",\"contentUrl\":\"https:\/\/cartaodevisitavirtual.com.br\/v3\/wp-content\/uploads\/sites\/4\/2024\/11\/FavKamilaAlmeida181124.webp\",\"width\":540,\"height\":540},{\"@type\":\"BreadcrumbList\",\"@id\":\"https:\/\/cartaodevisitavirtual.com.br\/v3\/cartao\/kamila-almeida\/#breadcrumb\",\"itemListElement\":[{\"@type\":\"ListItem\",\"position\":1,\"name\":\"In\u00edcio\",\"item\":\"https:\/\/cartaodevisitavirtual.com.br\/v3\/\"},{\"@type\":\"ListItem\",\"position\":2,\"name\":\"Kamila Almeida &#8211; Harmoniza\u00e7\u00e3o Orofacial\"}]},{\"@type\":\"WebSite\",\"@id\":\"https:\/\/cartaodevisitavirtual.com.br\/v3\/#website\",\"url\":\"https:\/\/cartaodevisitavirtual.com.br\/v3\/\",\"name\":\"Cart\u00e3o de Visita Virtual\",\"description\":\"Cart\u00e3o de Visita Virtual. Seu novo cart\u00e3o de visita, digital, interativo, online e virtual. Tenha um cart\u00e3o de visita moderno e exclusivo.\",\"publisher\":{\"@id\":\"https:\/\/cartaodevisitavirtual.com.br\/v3\/#organization\"},\"potentialAction\":[{\"@type\":\"SearchAction\",\"target\":{\"@type\":\"EntryPoint\",\"urlTemplate\":\"https:\/\/cartaodevisitavirtual.com.br\/v3\/?s={search_term_string}\"},\"query-input\":{\"@type\":\"PropertyValueSpecification\",\"valueRequired\":true,\"valueName\":\"search_term_string\"}}],\"inLanguage\":\"pt-PT\"},{\"@type\":\"Organization\",\"@id\":\"https:\/\/cartaodevisitavirtual.com.br\/v3\/#organization\",\"name\":\"Cart\u00e3o de Visita Virtual\",\"url\":\"https:\/\/cartaodevisitavirtual.com.br\/v3\/\",\"logo\":{\"@type\":\"ImageObject\",\"inLanguage\":\"pt-PT\",\"@id\":\"https:\/\/cartaodevisitavirtual.com.br\/v3\/#\/schema\/logo\/image\/\",\"url\":\"https:\/\/cartaodevisitavirtual.com.br\/v3\/wp-content\/uploads\/sites\/4\/2024\/10\/CVV060125.webp\",\"contentUrl\":\"https:\/\/cartaodevisitavirtual.com.br\/v3\/wp-content\/uploads\/sites\/4\/2024\/10\/CVV060125.webp\",\"width\":540,\"height\":540,\"caption\":\"Cart\u00e3o de Visita Virtual\"},\"image\":{\"@id\":\"https:\/\/cartaodevisitavirtual.com.br\/v3\/#\/schema\/logo\/image\/\"}},{\"@type\":\"Person\",\"@id\":\"https:\/\/cartaodevisitavirtual.com.br\/v3\/#\/schema\/person\/628f6510a9a37eeee9625f7abc25487e\",\"name\":\"cvvvovoso33\",\"image\":{\"@type\":\"ImageObject\",\"inLanguage\":\"pt-PT\",\"@id\":\"https:\/\/cartaodevisitavirtual.com.br\/v3\/#\/schema\/person\/image\/\",\"url\":\"https:\/\/secure.gravatar.com\/avatar\/cc9286941acb2861a0cf51545a64254bfc3547a56b54a38b79780672bb617cc1?s=96&d=mm&r=g\",\"contentUrl\":\"https:\/\/secure.gravatar.com\/avatar\/cc9286941acb2861a0cf51545a64254bfc3547a56b54a38b79780672bb617cc1?s=96&d=mm&r=g\",\"caption\":\"cvvvovoso33\"},\"sameAs\":[\"https:\/\/cartaodevisitavirtual.com.br\"],\"url\":\"https:\/\/cartaodevisitavirtual.com.br\/v3\/cartao\/author\/cvvvovoso33\/\"}]}<\/script>\n<!-- \/ Yoast SEO plugin. -->","yoast_head_json":{"title":"Kamila Almeida - Harmoniza\u00e7\u00e3o Orofacial - Cart\u00e3o de Visita Virtual","robots":{"index":"noindex","follow":"nofollow"},"og_locale":"pt_PT","og_type":"article","og_title":"Kamila Almeida - Harmoniza\u00e7\u00e3o Orofacial - Cart\u00e3o de Visita Virtual","og_description":"&#038;nbsp&#038;nbspCLIQUE PARA INTERAGIR","og_url":"https:\/\/cartaodevisitavirtual.com.br\/v3\/cartao\/kamila-almeida\/","og_site_name":"Cart\u00e3o de Visita Virtual","article_published_time":"2024-11-18T20:42:59+00:00","article_modified_time":"2025-07-24T19:40:44+00:00","og_image":[{"width":540,"height":540,"url":"https:\/\/cartaodevisitavirtual.com.br\/v3\/wp-content\/uploads\/sites\/4\/2024\/11\/FavKamilaAlmeida181124.webp","type":"image\/webp"}],"author":"cvvvovoso33","twitter_card":"summary_large_image","twitter_misc":{"Escrito por":"cvvvovoso33"},"schema":{"@context":"https:\/\/schema.org","@graph":[{"@type":"Article","@id":"https:\/\/cartaodevisitavirtual.com.br\/v3\/cartao\/kamila-almeida\/#article","isPartOf":{"@id":"https:\/\/cartaodevisitavirtual.com.br\/v3\/cartao\/kamila-almeida\/"},"author":{"name":"cvvvovoso33","@id":"https:\/\/cartaodevisitavirtual.com.br\/v3\/#\/schema\/person\/628f6510a9a37eeee9625f7abc25487e"},"headline":"Kamila Almeida &#8211; Harmoniza\u00e7\u00e3o Orofacial","datePublished":"2024-11-18T20:42:59+00:00","dateModified":"2025-07-24T19:40:44+00:00","mainEntityOfPage":{"@id":"https:\/\/cartaodevisitavirtual.com.br\/v3\/cartao\/kamila-almeida\/"},"wordCount":13,"publisher":{"@id":"https:\/\/cartaodevisitavirtual.com.br\/v3\/#organization"},"image":{"@id":"https:\/\/cartaodevisitavirtual.com.br\/v3\/cartao\/kamila-almeida\/#primaryimage"},"thumbnailUrl":"https:\/\/cartaodevisitavirtual.com.br\/v3\/wp-content\/uploads\/sites\/4\/2024\/11\/FavKamilaAlmeida181124.webp","articleSection":["Dentista","Est\u00e9tica"],"inLanguage":"pt-PT"},{"@type":"WebPage","@id":"https:\/\/cartaodevisitavirtual.com.br\/v3\/cartao\/kamila-almeida\/","url":"https:\/\/cartaodevisitavirtual.com.br\/v3\/cartao\/kamila-almeida\/","name":"Kamila Almeida - Harmoniza\u00e7\u00e3o Orofacial - Cart\u00e3o de Visita Virtual","isPartOf":{"@id":"https:\/\/cartaodevisitavirtual.com.br\/v3\/#website"},"primaryImageOfPage":{"@id":"https:\/\/cartaodevisitavirtual.com.br\/v3\/cartao\/kamila-almeida\/#primaryimage"},"image":{"@id":"https:\/\/cartaodevisitavirtual.com.br\/v3\/cartao\/kamila-almeida\/#primaryimage"},"thumbnailUrl":"https:\/\/cartaodevisitavirtual.com.br\/v3\/wp-content\/uploads\/sites\/4\/2024\/11\/FavKamilaAlmeida181124.webp","datePublished":"2024-11-18T20:42:59+00:00","dateModified":"2025-07-24T19:40:44+00:00","breadcrumb":{"@id":"https:\/\/cartaodevisitavirtual.com.br\/v3\/cartao\/kamila-almeida\/#breadcrumb"},"inLanguage":"pt-PT","potentialAction":[{"@type":"ReadAction","target":["https:\/\/cartaodevisitavirtual.com.br\/v3\/cartao\/kamila-almeida\/"]}]},{"@type":"ImageObject","inLanguage":"pt-PT","@id":"https:\/\/cartaodevisitavirtual.com.br\/v3\/cartao\/kamila-almeida\/#primaryimage","url":"https:\/\/cartaodevisitavirtual.com.br\/v3\/wp-content\/uploads\/sites\/4\/2024\/11\/FavKamilaAlmeida181124.webp","contentUrl":"https:\/\/cartaodevisitavirtual.com.br\/v3\/wp-content\/uploads\/sites\/4\/2024\/11\/FavKamilaAlmeida181124.webp","width":540,"height":540},{"@type":"BreadcrumbList","@id":"https:\/\/cartaodevisitavirtual.com.br\/v3\/cartao\/kamila-almeida\/#breadcrumb","itemListElement":[{"@type":"ListItem","position":1,"name":"In\u00edcio","item":"https:\/\/cartaodevisitavirtual.com.br\/v3\/"},{"@type":"ListItem","position":2,"name":"Kamila Almeida &#8211; Harmoniza\u00e7\u00e3o Orofacial"}]},{"@type":"WebSite","@id":"https:\/\/cartaodevisitavirtual.com.br\/v3\/#website","url":"https:\/\/cartaodevisitavirtual.com.br\/v3\/","name":"Cart\u00e3o de Visita Virtual","description":"Cart\u00e3o de Visita Virtual. Seu novo cart\u00e3o de visita, digital, interativo, online e virtual. Tenha um cart\u00e3o de visita moderno e exclusivo.","publisher":{"@id":"https:\/\/cartaodevisitavirtual.com.br\/v3\/#organization"},"potentialAction":[{"@type":"SearchAction","target":{"@type":"EntryPoint","urlTemplate":"https:\/\/cartaodevisitavirtual.com.br\/v3\/?s={search_term_string}"},"query-input":{"@type":"PropertyValueSpecification","valueRequired":true,"valueName":"search_term_string"}}],"inLanguage":"pt-PT"},{"@type":"Organization","@id":"https:\/\/cartaodevisitavirtual.com.br\/v3\/#organization","name":"Cart\u00e3o de Visita Virtual","url":"https:\/\/cartaodevisitavirtual.com.br\/v3\/","logo":{"@type":"ImageObject","inLanguage":"pt-PT","@id":"https:\/\/cartaodevisitavirtual.com.br\/v3\/#\/schema\/logo\/image\/","url":"https:\/\/cartaodevisitavirtual.com.br\/v3\/wp-content\/uploads\/sites\/4\/2024\/10\/CVV060125.webp","contentUrl":"https:\/\/cartaodevisitavirtual.com.br\/v3\/wp-content\/uploads\/sites\/4\/2024\/10\/CVV060125.webp","width":540,"height":540,"caption":"Cart\u00e3o de Visita Virtual"},"image":{"@id":"https:\/\/cartaodevisitavirtual.com.br\/v3\/#\/schema\/logo\/image\/"}},{"@type":"Person","@id":"https:\/\/cartaodevisitavirtual.com.br\/v3\/#\/schema\/person\/628f6510a9a37eeee9625f7abc25487e","name":"cvvvovoso33","image":{"@type":"ImageObject","inLanguage":"pt-PT","@id":"https:\/\/cartaodevisitavirtual.com.br\/v3\/#\/schema\/person\/image\/","url":"https:\/\/secure.gravatar.com\/avatar\/cc9286941acb2861a0cf51545a64254bfc3547a56b54a38b79780672bb617cc1?s=96&d=mm&r=g","contentUrl":"https:\/\/secure.gravatar.com\/avatar\/cc9286941acb2861a0cf51545a64254bfc3547a56b54a38b79780672bb617cc1?s=96&d=mm&r=g","caption":"cvvvovoso33"},"sameAs":["https:\/\/cartaodevisitavirtual.com.br"],"url":"https:\/\/cartaodevisitavirtual.com.br\/v3\/cartao\/author\/cvvvovoso33\/"}]}},"_links":{"self":[{"href":"https:\/\/cartaodevisitavirtual.com.br\/v3\/wp-json\/wp\/v2\/posts\/385","targetHints":{"allow":["GET"]}}],"collection":[{"href":"https:\/\/cartaodevisitavirtual.com.br\/v3\/wp-json\/wp\/v2\/posts"}],"about":[{"href":"https:\/\/cartaodevisitavirtual.com.br\/v3\/wp-json\/wp\/v2\/types\/post"}],"author":[{"embeddable":true,"href":"https:\/\/cartaodevisitavirtual.com.br\/v3\/wp-json\/wp\/v2\/users\/1"}],"replies":[{"embeddable":true,"href":"https:\/\/cartaodevisitavirtual.com.br\/v3\/wp-json\/wp\/v2\/comments?post=385"}],"version-history":[{"count":10,"href":"https:\/\/cartaodevisitavirtual.com.br\/v3\/wp-json\/wp\/v2\/posts\/385\/revisions"}],"predecessor-version":[{"id":3226,"href":"https:\/\/cartaodevisitavirtual.com.br\/v3\/wp-json\/wp\/v2\/posts\/385\/revisions\/3226"}],"wp:featuredmedia":[{"embeddable":true,"href":"https:\/\/cartaodevisitavirtual.com.br\/v3\/wp-json\/wp\/v2\/media\/381"}],"wp:attachment":[{"href":"https:\/\/cartaodevisitavirtual.com.br\/v3\/wp-json\/wp\/v2\/media?parent=385"}],"wp:term":[{"taxonomy":"category","embeddable":true,"href":"https:\/\/cartaodevisitavirtual.com.br\/v3\/wp-json\/wp\/v2\/categories?post=385"},{"taxonomy":"post_tag","embeddable":true,"href":"https:\/\/cartaodevisitavirtual.com.br\/v3\/wp-json\/wp\/v2\/tags?post=385"}],"curies":[{"name":"wp","href":"https:\/\/api.w.org\/{rel}","templated":true}]}}